{"id":888,"date":"2013-06-25T17:18:49","date_gmt":"2013-06-25T16:18:49","guid":{"rendered":"http:\/\/klein-chocobo.de\/?p=888"},"modified":"2013-06-25T17:18:49","modified_gmt":"2013-06-25T16:18:49","slug":"saisonkalender-der-heimischen-obst-und-gemusesorten-juli","status":"publish","type":"post","link":"https:\/\/www.klein-chocobo.de\/?p=888","title":{"rendered":"Saisonkalender der heimischen Obst- und Gem\u00fcsesorten &#8211; Juli"},"content":{"rendered":"<p>Hallo,<\/p>\n<p>hier die saisonalen Obst- und Gem\u00fcsesorten \ud83d\ude42<\/p>\n<p><strong>Juli:<\/strong><\/p>\n<p><em>Freiland:<\/em><br \/>\nAprikosen, Erdbeeren, Heidelbeeren, Himbeeren, Johannisbeeren, Kirschen (sauer), Mirabellen, Pfirsiche, Stachelbeeren, Blumenkohl, Bohnen, Brokkoli, Chinakohl, Einlege- und Sch\u00e4lgurken, Erbsen, Knollenfenchel, Kohlrabi, Karotten, Porree, Radieschen, Rettich, Rhabarber, rote Beete, Rotkohl, Knollensellerie, Stangensellerie, Spinat, Spitzkohl, Wei\u00dfkohl, Wirsing, Zucchini, Zwiebeln, Bund-, Lauch- und Fr\u00fchlingszwiebeln, Eissalat, Endiviensalat, Feldsalat, Kopfsalat, bunte Salate, Radiccio, Romanasalat, Rucola,<\/p>\n<p><em>Lager:<\/em><br \/>\nChicor\u00e9e, <\/p>\n<p><em>teils Produkte aus geheizten Gew\u00e4chsh\u00e4usern, teils Produkte aus ungeheizten oder schwach geheizten Gew\u00e4chsh\u00e4usern:<\/em><br \/>\nSalat- und Minigurken, Tomaten<\/p>\n<p><em>teils Freiland, teils Lagerware:<\/em><br \/>\nKartoffeln,<\/p>\n<p><em>Anbau unter Vlies:<\/em><br \/>\nTomaten<\/p>\n<p>Aus dem Buch \u201eNachhaltig genie\u00dfen\u201c von Dr. Karl von Koeber und Hubert Hohler<\/p>\n","protected":false},"excerpt":{"rendered":"<p>Hallo, hier die saisonalen Obst- und Gem\u00fcsesorten \ud83d\ude42 Juli: Freiland: Aprikosen, Erdbeeren, Heidelbeeren, Himbeeren, Johannisbeeren, Kirschen (sauer), Mirabellen, Pfirsiche, Stachelbeeren, Blumenkohl, Bohnen, Brokkoli, Chinakohl, Einlege- und Sch\u00e4lgurken, Erbsen, Knollenfenchel, Kohlrabi, Karotten, Porree, Radieschen, Rettich, Rhabarber, rote Beete, Rotkohl, Knollensellerie, Stangensellerie, Spinat, Spitzkohl, Wei\u00dfkohl, Wirsing, Zucchini, Zwiebeln, Bund-, Lauch- und Fr\u00fchlingszwiebeln, Eissalat, Endiviensalat, Feldsalat, Kopfsalat, bunte <a class=\"more-link\" href=\"https:\/\/www.klein-chocobo.de\/?p=888\">Weiterlesen <i class=\"fa fa-chevron-right\"><\/i><\/a><\/p>\n","protected":false},"author":2,"featured_media":0,"comment_status":"open","ping_status":"open","sticky":false,"template":"","format":"standard","meta":{"footnotes":""},"categories":[7,8],"tags":[],"class_list":["post-888","post","type-post","status-publish","format-standard","hentry","category-nachhaltigkeit","category-naturundumwelt"],"_links":{"self":[{"href":"https:\/\/www.klein-chocobo.de\/index.php?rest_route=\/wp\/v2\/posts\/888","targetHints":{"allow":["GET"]}}],"collection":[{"href":"https:\/\/www.klein-chocobo.de\/index.php?rest_route=\/wp\/v2\/posts"}],"about":[{"href":"https:\/\/www.klein-chocobo.de\/index.php?rest_route=\/wp\/v2\/types\/post"}],"author":[{"embeddable":true,"href":"https:\/\/www.klein-chocobo.de\/index.php?rest_route=\/wp\/v2\/users\/2"}],"replies":[{"embeddable":true,"href":"https:\/\/www.klein-chocobo.de\/index.php?rest_route=%2Fwp%2Fv2%2Fcomments&post=888"}],"version-history":[{"count":1,"href":"https:\/\/www.klein-chocobo.de\/index.php?rest_route=\/wp\/v2\/posts\/888\/revisions"}],"predecessor-version":[{"id":889,"href":"https:\/\/www.klein-chocobo.de\/index.php?rest_route=\/wp\/v2\/posts\/888\/revisions\/889"}],"wp:attachment":[{"href":"https:\/\/www.klein-chocobo.de\/index.php?rest_route=%2Fwp%2Fv2%2Fmedia&parent=888"}],"wp:term":[{"taxonomy":"category","embeddable":true,"href":"https:\/\/www.klein-chocobo.de\/index.php?rest_route=%2Fwp%2Fv2%2Fcategories&post=888"},{"taxonomy":"post_tag","embeddable":true,"href":"https:\/\/www.klein-chocobo.de\/index.php?rest_route=%2Fwp%2Fv2%2Ftags&post=888"}],"curies":[{"name":"wp","href":"https:\/\/api.w.org\/{rel}","templated":true}]}}