{"id":252,"date":"2013-03-12T11:17:23","date_gmt":"2013-03-12T10:17:23","guid":{"rendered":"http:\/\/klein-chocobo.de\/?p=252"},"modified":"2013-09-21T12:06:40","modified_gmt":"2013-09-21T11:06:40","slug":"saisonkalender-der-heimischen-obst-und-gemusesorten-marz","status":"publish","type":"post","link":"https:\/\/www.klein-chocobo.de\/?p=252","title":{"rendered":"Saisonkalender der heimischen Obst- und Gem\u00fcsesorten &#8211; M\u00e4rz"},"content":{"rendered":"<p>Hallo!<\/p>\n<p>Nachdem ich jetzt versuche saisonal und regional einzukaufen m\u00f6chte ich meine Erfahrungen und eben auch die Infos weitergeben, die ich so habe. Wo ihr bei euch regionale Lebensmittel herbekommt, m\u00fcsst ihr leider selbst herausfinden. Aber wenn ihr eure Augen ein wenig offenhaltet, dann findet ihr da bestimmt viel heraus.<\/p>\n<p>Heute m\u00f6chte ich euch den Saisonskalender vorstellen. Das ist jetzt meine \u201eBibel\u201c, nach der ich eben versuche einzukaufen.<\/p>\n<p>Ich m\u00f6chte euch jeden Monat vorstellen, welche Obst- und Gem\u00fcsesorten es im n\u00e4chsten Monat so gibt. Aber da der M\u00e4rz noch nicht alt ist, ist der erste Post \u00fcber den M\u00e4rz. Ende M\u00e4rz werde ich \u00fcber den April schreiben.<br \/>\nAlso habt Spa\u00df beim saisonalen einkaufen!<\/p>\n<p>Welche Obst- und Gem\u00fcsesorten gibt\u2019s denn so M\u00e4rz?:<\/p>\n<p><strong>M\u00e4rz:<\/strong><\/p>\n<p><em>Lagerware:<\/em><br \/>\n\u00c4pfel, Chicor\u00e9e, Chinakohl, Kartoffeln, K\u00fcrbis, M\u00f6hren, Pastinaken, Rettich, Rosenkohl, Rote Beete, Rotkohl, Schwarzwurzel, Knollensellerie, Steckr\u00fcben, Wei\u00dfkohl, Wirsing, Zwiebeln<br \/>\n<em><br \/>\nteils Freiland, teils Lagerware:<\/em><br \/>\nPorree<br \/>\n<em><br \/>\nProdukte aus geheizten Gew\u00e4chsh\u00e4usern<\/em>: (am besten nicht kaufen)<br \/>\nSalat- und Minigurke, Tomaten<br \/>\n<em><br \/>\nProdukte aus ungeheizten oder schwach geheizten Gew\u00e4chsh\u00e4usern<\/em>:<br \/>\nKopfsalat, bunte Salate<\/p>\n<p>Aus dem Buch \u201eNachhaltig genie\u00dfen\u201c von Dr. Karl von Koeber und Hubert Hohler<\/p>\n","protected":false},"excerpt":{"rendered":"<p>Hallo! Nachdem ich jetzt versuche saisonal und regional einzukaufen m\u00f6chte ich meine Erfahrungen und eben auch die Infos weitergeben, die ich so habe. Wo ihr bei euch regionale Lebensmittel herbekommt, m\u00fcsst ihr leider selbst herausfinden. Aber wenn ihr eure Augen ein wenig offenhaltet, dann findet ihr da bestimmt viel heraus. Heute m\u00f6chte ich euch den <a class=\"more-link\" href=\"https:\/\/www.klein-chocobo.de\/?p=252\">Weiterlesen <i class=\"fa fa-chevron-right\"><\/i><\/a><\/p>\n","protected":false},"author":2,"featured_media":0,"comment_status":"open","ping_status":"open","sticky":false,"template":"","format":"standard","meta":{"footnotes":""},"categories":[7,8],"tags":[],"class_list":["post-252","post","type-post","status-publish","format-standard","hentry","category-nachhaltigkeit","category-naturundumwelt"],"_links":{"self":[{"href":"https:\/\/www.klein-chocobo.de\/index.php?rest_route=\/wp\/v2\/posts\/252","targetHints":{"allow":["GET"]}}],"collection":[{"href":"https:\/\/www.klein-chocobo.de\/index.php?rest_route=\/wp\/v2\/posts"}],"about":[{"href":"https:\/\/www.klein-chocobo.de\/index.php?rest_route=\/wp\/v2\/types\/post"}],"author":[{"embeddable":true,"href":"https:\/\/www.klein-chocobo.de\/index.php?rest_route=\/wp\/v2\/users\/2"}],"replies":[{"embeddable":true,"href":"https:\/\/www.klein-chocobo.de\/index.php?rest_route=%2Fwp%2Fv2%2Fcomments&post=252"}],"version-history":[{"count":3,"href":"https:\/\/www.klein-chocobo.de\/index.php?rest_route=\/wp\/v2\/posts\/252\/revisions"}],"predecessor-version":[{"id":1269,"href":"https:\/\/www.klein-chocobo.de\/index.php?rest_route=\/wp\/v2\/posts\/252\/revisions\/1269"}],"wp:attachment":[{"href":"https:\/\/www.klein-chocobo.de\/index.php?rest_route=%2Fwp%2Fv2%2Fmedia&parent=252"}],"wp:term":[{"taxonomy":"category","embeddable":true,"href":"https:\/\/www.klein-chocobo.de\/index.php?rest_route=%2Fwp%2Fv2%2Fcategories&post=252"},{"taxonomy":"post_tag","embeddable":true,"href":"https:\/\/www.klein-chocobo.de\/index.php?rest_route=%2Fwp%2Fv2%2Ftags&post=252"}],"curies":[{"name":"wp","href":"https:\/\/api.w.org\/{rel}","templated":true}]}}